{"id":29701,"date":"2013-08-21T14:55:32","date_gmt":"2013-08-21T14:55:32","guid":{"rendered":"http:\/\/www.labri.fr\/perso\/barla\/blog\/?p=29701"},"modified":"2013-08-21T14:56:49","modified_gmt":"2013-08-21T14:56:49","slug":"laplacian-art","status":"publish","type":"post","link":"https:\/\/www.labri.fr\/perso\/barla\/blog\/?p=29701","title":{"rendered":"Laplacian Art"},"content":{"rendered":"<p id=\"top\" \/>\n<ul>\n<li>D\u00e9composer une image en diff\u00e9rentes bandes de fr\u00e9quence (script Photoshop ou utilisation de decompositions existantes)<\/li>\n<li>Appliquer diff\u00e9rentes stylisations \u00e0 chaque bande, s\u00e9par\u00e9ment.<\/li>\n<li>Guider la stylisation aux hautes fr\u00e9quences par un masque d\u00e9riv\u00e9 de la stylisation aux basses fr\u00e9quences ?<\/li>\n<\/ul>\n","protected":false},"excerpt":{"rendered":"<p>D\u00e9composer une image en diff\u00e9rentes bandes de fr\u00e9quence (script Photoshop ou utilisation de decompositions existantes) Appliquer diff\u00e9rentes stylisations \u00e0 chaque bande, s\u00e9par\u00e9ment. Guider la stylisation aux hautes fr\u00e9quences par un masque d\u00e9riv\u00e9 de la stylisation aux basses fr\u00e9quences ?<\/p>\n","protected":false},"author":1,"featured_media":0,"comment_status":"closed","ping_status":"closed","sticky":false,"template":"","format":"standard","meta":{"footnotes":""},"categories":[671],"tags":[],"class_list":["post-29701","post","type-post","status-publish","format-standard","hentry","category-graphx"],"_links":{"self":[{"href":"https:\/\/www.labri.fr\/perso\/barla\/blog\/index.php?rest_route=\/wp\/v2\/posts\/29701","targetHints":{"allow":["GET"]}}],"collection":[{"href":"https:\/\/www.labri.fr\/perso\/barla\/blog\/index.php?rest_route=\/wp\/v2\/posts"}],"about":[{"href":"https:\/\/www.labri.fr\/perso\/barla\/blog\/index.php?rest_route=\/wp\/v2\/types\/post"}],"author":[{"embeddable":true,"href":"https:\/\/www.labri.fr\/perso\/barla\/blog\/index.php?rest_route=\/wp\/v2\/users\/1"}],"replies":[{"embeddable":true,"href":"https:\/\/www.labri.fr\/perso\/barla\/blog\/index.php?rest_route=%2Fwp%2Fv2%2Fcomments&post=29701"}],"version-history":[{"count":2,"href":"https:\/\/www.labri.fr\/perso\/barla\/blog\/index.php?rest_route=\/wp\/v2\/posts\/29701\/revisions"}],"predecessor-version":[{"id":29731,"href":"https:\/\/www.labri.fr\/perso\/barla\/blog\/index.php?rest_route=\/wp\/v2\/posts\/29701\/revisions\/29731"}],"wp:attachment":[{"href":"https:\/\/www.labri.fr\/perso\/barla\/blog\/index.php?rest_route=%2Fwp%2Fv2%2Fmedia&parent=29701"}],"wp:term":[{"taxonomy":"category","embeddable":true,"href":"https:\/\/www.labri.fr\/perso\/barla\/blog\/index.php?rest_route=%2Fwp%2Fv2%2Fcategories&post=29701"},{"taxonomy":"post_tag","embeddable":true,"href":"https:\/\/www.labri.fr\/perso\/barla\/blog\/index.php?rest_route=%2Fwp%2Fv2%2Ftags&post=29701"}],"curies":[{"name":"wp","href":"https:\/\/api.w.org\/{rel}","templated":true}]}}