{"id":39794,"date":"2018-08-03T08:34:12","date_gmt":"2018-08-03T08:34:12","guid":{"rendered":"http:\/\/www.labri.fr\/perso\/barla\/blog\/?p=39794"},"modified":"2021-03-06T07:49:06","modified_gmt":"2021-03-06T07:49:06","slug":"effondrement","status":"publish","type":"post","link":"https:\/\/www.labri.fr\/perso\/barla\/blog\/?p=39794","title":{"rendered":"Effondrement(s) ?"},"content":{"rendered":"<p id=\"top\" \/>\n<h2 class=\"wp-block-heading\">Pistes<\/h2>\n\n\n\n<p><em>\u00e0 affiner avec le temps et les exp\u00e9riences concr\u00e8tes&#8230;<\/em><\/p>\n\n\n\n<h3 class=\"wp-block-heading\">Optimiser la r\u00e9silience<\/h3>\n\n\n\n<p>Outils manuels\/m\u00e9caniques : jardinage, cuisine, bricolage, transports.<\/p>\n\n\n\n<p>Approvisionnement : AMAP, permaculture, eau potable, chauffage, r\u00e9cup.<\/p>\n\n\n\n<p>Construire\/s&#8217;investir dans des r\u00e9seaux: Artoliens, Radicelles, &#8230;?<\/p>\n\n\n\n<h3 class=\"wp-block-heading\">Innover par le bas<\/h3>\n\n\n\n<p>Utiliser les technologies actuelles comme un moyen, et non une fin.<\/p>\n\n\n\n<p>Revenir \u00e0 l&#8217;\u00e9tude naturaliste: dessin, observation, exp\u00e9rimentations en r\u00e9el.<\/p>\n\n\n\n<p>D\u00e9velopper les low-techs: biomim\u00e9tisme dans le design de mat\u00e9riaux ?<\/p>\n\n\n\n<h3 class=\"wp-block-heading\">Pr\u00e9server les connaissances<\/h3>\n\n\n\n<p>Conserver des notes imprim\u00e9es \/ \u00e9crites: livres, observations, id\u00e9es, etc.<\/p>\n\n\n\n<p>Synth\u00e9tiser les connaissances scientifiques: Optique, Vision, Cognition, etc.<\/p>\n\n\n\n<p>Communiquer savoir et savoir-faire: dissemination web, \u00e9v\u00e9nements, etc.<\/p>\n\n\n\n<h2 class=\"wp-block-heading\">Le bonheur \u00e9tait pour demain<\/h2>\n\n\n\n<p><em>par Philippe Bihouix<\/em><\/p>\n\n\n\n<h3 class=\"wp-block-heading\"> Frein et\/ou acc\u00e9l\u00e9rateur ? <\/h3>\n\n\n\n<p>Les utopies technologiques promettent l&#8217;abondance (ressources), l&#8217;oisivet\u00e9 (travail), la puissance ou le pouvoir (capacit\u00e9s augment\u00e9es), la lutte contre la mort; ce qui est d&#8217;un classissisme confondant.<\/p>\n\n\n\n<p>Avant d&#8217;envisager l&#8217;immortalit\u00e9 des hommes, il serait int\u00e9ressant d\u00e9j\u00e0 d&#8217;atteindre l&#8217;immortalit\u00e9 des cheveux. <\/p>\n\n\n\n<p>Les grandes entreprises pr\u00e9f\u00e8rent se focaliser sur un futur lointain afin de faire oublier le pr\u00e9sent.<\/p>\n\n\n\n<p>Les dystopies ne fonctionnent pas bien: on joue \u00e0 se faire peur, mais &#8220;on n&#8217;en est pas encore l\u00e0&#8221;&#8230;<\/p>\n\n\n\n<p>La s\u00e9lection de la lign\u00e9e humaine s&#8217;est faite sur la capacit\u00e9 \u00e0 imiter, pas \u00e0 inventer. Les innovateurs font figure d&#8217;exception.<\/p>\n\n\n\n<p>Le risque est n\u00e9cessaire pour les nouveaux entrants ; les autres se mettent \u00e0 l&#8217;abri (grandes entreprises minimisant le risque, studios Hollywoodiens enchainant les suites ou les adaptations).<\/p>\n\n\n\n<p>Effet du parc install\u00e9: inertie dans le remplacement d&#8217;anciennes technologies par de nouvelles. Mais aussi inertie due \u00e0 la n\u00e9cessit\u00e9 de remplacer enti\u00e8rement un parc install\u00e9 pour en tirer des b\u00e9n\u00e9fices.<\/p>\n\n\n\n<p>Trop de travail humain disponible, de moins en moins de ressources \u00e9nerg\u00e9tiques: n\u00e9cessite un meilleur arbitrage !<\/p>\n\n\n\n<p>Cr\u00e9do des entrepreuneurs-bienfaiteurs: des fantasmes pour apr\u00e8s demain, back to business pour demain.<\/p>\n\n\n\n<p>Les promesses technologiques sont des utopies &#8220;pr\u00eates-\u00e0-consommer&#8221; qui devraient s&#8217;\u00e9panouir dans une long cr\u00e9puscule&#8230;<\/p>\n\n\n\n<h3 class=\"wp-block-heading\">Alternatives ?<\/h3>\n\n\n\n<p>Approvisionnement durable: d\u00e9j\u00e0 difficile pour ressources renouvelables (bois, produits agricoles), mais impossible pour les non-renouvelables.<\/p>\n\n\n\n<p>\u00c9co-conception: prometteur, mais d\u00e9licat de choisir quel crit\u00e8re (CO2, m\u00e9taux, etc) privil\u00e9gier, comment g\u00e9rer le surcout (comp\u00e9titivit\u00e9), pour quels usages (\u00e9viter le d\u00e9risoire).<\/p>\n\n\n\n<p>\u00c9cologie industrielle: potentiellement localement int\u00e9ressant (usage de l&#8217;eau en cascade, d\u00e9chets comme matieres premi\u00e8res, etc), mais ne passe pas \u00e0 l&#8217;\u00e9chelle.<\/p>\n\n\n\n<p>\u00c9conomie de la fonctionnalit\u00e9: int\u00e9ressant en th\u00e9orie mais pas g\u00e9n\u00e9ralisable en pratique, car conditionn\u00e9 par le pic des besoins (et non par la moyenne) et les imp\u00e9ratifs de comp\u00e9titivit\u00e9 (c.f., secteur des t\u00e9l\u00e9coms).<\/p>\n\n\n\n<p>March\u00e9 de l&#8217;occasion: effets rebond d\u00fbs aux transports, \u00e0 l&#8217;emballage, et les \u00e9conomies r\u00e9alis\u00e9es qui sont potentiellement r\u00e9investies dans des biens ou activit\u00e9s emmetrices de CO2.<\/p>\n\n\n\n<p>Le mod\u00e8le d&#8217;eco-citoyens consommateurs inform\u00e9s des \u00e9cologistes n&#8217;est pas plus rationnel que celui de l&#8217;homme hyper-rationnel et inform\u00e9 des \u00e9conomistes.<\/p>\n\n\n\n<p>Pour l&#8217;essentiel, nous vivons dans une \u00e9conomie pouss\u00e9e, et non tir\u00e9e, ce qui laisse une faible marge de manoeuvre aux consom&#8217;acteurs.<\/p>\n\n\n\n<p>Stalinisation \u00e0 grands pas: deconnection des r\u00e9alit\u00e9s, incitations \u00e0 la consommation, aux startups, r\u00e9v\u00e9rence aux march\u00e9s financiers, etc.<\/p>\n\n\n\n<p>Le processus qui permet de se maintenir et d&#8217;acc\u00e9der au pouvoir fait appel \u00e0 des comp\u00e9tences diff\u00e9rentes de celles (lesquelles?) qui seraient n\u00e9cessaires&#8230;<\/p>\n\n\n\n<p>Les solutions devront fonctionner avec les m\u00e9chants, ignorants, mauvais, jaloux, tricheurs, menteurs, \u00e9go\u00efstes, f\u00e9n\u00e9ants, cruels et monstres.<\/p>\n\n\n\n<p>L&#8217;uniformisation du monde et l&#8217;\u00e9volution d\u00e9mographique accroissent consid\u00e9rablement la pression et les difficult\u00e9s, et d\u00e9veloppent un besoin de reconnaissance et une jalousie envers ceux qui sont reconnus.<\/p>\n\n\n\n<h3 class=\"wp-block-heading\">Perspectives futures<\/h3>\n\n\n\n<p><strong><em>Shifting baseline<\/em><\/strong> : incapacit\u00e9 de transmettre, d&#8217;une g\u00e9n\u00e9ration \u00e0 l&#8217;autre, l&#8217;exp\u00e9rience du monde tel qu&#8217;il \u00e9tait; et donc des \u00e9volutions autour de nous. On oublie collectivement&#8230;<\/p>\n\n\n\n<p>Notre regard collectif \u00e9volue: racisme, \u00e9galit\u00e9 hommes-femmes, souffrance animale ; mais aussi transhumanisme, b\u00eatise des m\u00e9dias, in\u00e9galit\u00e9s de revenu, incivilit\u00e9s, donn\u00e9es personnelles&#8230;<\/p>\n\n\n\n<p>Nous recherchons tous, au niveau des organisations collectives, une <strong>saturation<\/strong> qui nous horripile individuellement.<\/p>\n\n\n\n<p>Pr\u00e9paration \u00e0 l&#8217;effondrement illusoire: il sera prot\u00e9iforme, d\u00e9pendra des r\u00e9gimes en place, du sentiment d&#8217;urgence, de la justice sociale; tout deviendra plus dur ou plus al\u00e9atoire (ou plus injuste?).<\/p>\n\n\n\n<p>Chercher \u00e0 sortir le train d&#8217;atterissage, m\u00eame si la piste est trop courte, que le moteur est en flammes, dans le brouhaha et depuis la classe \u00e9co&#8230;<\/p>\n\n\n\n<p><strong>Probl\u00e8me de la complexit\u00e9<\/strong>: potentielles solutions devront simplifier le monde, augmenter sa lisibilit\u00e9, \u00eatre ais\u00e9ment explicables.<\/p>\n\n\n\n<p>R\u00e9glementation: il est crucial de distinguer les activit\u00e9s qui peuvent \u00eatre d\u00e9localis\u00e9es (manufactures d&#8217;objets pas trop lourds), de celles qui sont n\u00e9cessairement ancr\u00e9es sur le territoire (distribution, services, produits &#8220;visibles&#8221; comme les voitures) et n&#8217;ont d&#8217;autres choix que de se plier \u00e0 l&#8217;activit\u00e9 r\u00e9glementaire.<\/p>\n\n\n\n<p>Identifier quand il est plus efficace de s&#8217;attaquer aux besoins en bout de chaine, ou de remettre en cause la production \u00e0 la source.<\/p>\n\n\n\n<p>Tr\u00e8s forte progressivit\u00e9 des tarifs pour dissuader les usages ayant le plus fort impact environnemental de la mani\u00e8re la plus juste. \u00c9viter les abonnements, qui introduisent une part fixe, forc\u00e9ment in\u00e9galitaire.<\/p>\n\n\n\n<h2 class=\"wp-block-heading\">Citations<\/h2>\n\n\n\n<p>&#8220;La nonchalance des bourgeois sur les perspective d\u2019avenir, et leur certitude de r\u00eaveurs d\u00e9connect\u00e9s des r\u00e9alit\u00e9s, c\u2019est que si la population mondiale diminue de moiti\u00e9, elle diminuera de moiti\u00e9 par le bas (les pauvres mourront ou se mangeront entre eux). A mon avis, les pauvres mangeront les riches : il y a plus \u00e0 manger et ils courent pas tr\u00e8s vite quand le r\u00e9servoir du SUV est vide. &#8221; Kiwixar sur Les Crises.<\/p>\n\n\n\n<p>&#8220;Le m\u00e9lange de vrai et de faux est \u00e9norm\u00e9ment plus toxique que le faux pur.&#8221; Paul Val\u00e9ry.<\/p>\n\n\n\n<p>&#8220;La m\u00e9decine est la vaseline qui fait passer le supositoire de l&#8217;artificialisation sans limites.&#8221; Olivier Rey<\/p>\n\n\n\n<p>&#8220;Les petits ruisseaux feront les grandes rivi\u00e8res dira l&#8217;optimiste. Peut \u00eatre. Mais le pessimiste lui r\u00e9pondra que dans le d\u00e9sert &#8211; c&#8217;est \u00e0 dire entour\u00e9 de conditions d\u00e9favorables &#8211; les ruisseaux s&#8217;\u00e9vaporent et s&#8217;ass\u00e8chent, \u00e9cras\u00e9s sous un soleil de plomb.&#8221;<\/p>\n\n\n\n<p>&#8220;L&#8217;humain est assez intelligent pour adapter son environnement \u00e0 ses besoins, mais pas assez pour adapter ses besoins \u00e0 son environnement.&#8221; Fr\u00e9d\u00e9ric Mercier sur Collapsologie &amp; Humour<\/p>\n","protected":false},"excerpt":{"rendered":"<p>Pistes \u00e0 affiner avec le temps et les exp\u00e9riences concr\u00e8tes&#8230; Optimiser la r\u00e9silience Outils manuels\/m\u00e9caniques : jardinage, cuisine, bricolage, transports. Approvisionnement : AMAP, permaculture, eau potable, chauffage, r\u00e9cup. Construire\/s&#8217;investir dans des r\u00e9seaux: Artoliens, Radicelles, &#8230;? Innover par le bas Utiliser les technologies actuelles comme un moyen, et non une fin. Revenir \u00e0 l&#8217;\u00e9tude naturaliste: dessin, &#8230; <a title=\"Effondrement(s) ?\" class=\"read-more\" href=\"https:\/\/www.labri.fr\/perso\/barla\/blog\/?p=39794\" aria-label=\"Read more about Effondrement(s) ?\">Read more<\/a><\/p>\n","protected":false},"author":1,"featured_media":0,"comment_status":"closed","ping_status":"closed","sticky":false,"template":"","format":"standard","meta":{"footnotes":""},"categories":[71],"tags":[],"class_list":["post-39794","post","type-post","status-publish","format-standard","hentry","category-lists"],"_links":{"self":[{"href":"https:\/\/www.labri.fr\/perso\/barla\/blog\/index.php?rest_route=\/wp\/v2\/posts\/39794","targetHints":{"allow":["GET"]}}],"collection":[{"href":"https:\/\/www.labri.fr\/perso\/barla\/blog\/index.php?rest_route=\/wp\/v2\/posts"}],"about":[{"href":"https:\/\/www.labri.fr\/perso\/barla\/blog\/index.php?rest_route=\/wp\/v2\/types\/post"}],"author":[{"embeddable":true,"href":"https:\/\/www.labri.fr\/perso\/barla\/blog\/index.php?rest_route=\/wp\/v2\/users\/1"}],"replies":[{"embeddable":true,"href":"https:\/\/www.labri.fr\/perso\/barla\/blog\/index.php?rest_route=%2Fwp%2Fv2%2Fcomments&post=39794"}],"version-history":[{"count":20,"href":"https:\/\/www.labri.fr\/perso\/barla\/blog\/index.php?rest_route=\/wp\/v2\/posts\/39794\/revisions"}],"predecessor-version":[{"id":40453,"href":"https:\/\/www.labri.fr\/perso\/barla\/blog\/index.php?rest_route=\/wp\/v2\/posts\/39794\/revisions\/40453"}],"wp:attachment":[{"href":"https:\/\/www.labri.fr\/perso\/barla\/blog\/index.php?rest_route=%2Fwp%2Fv2%2Fmedia&parent=39794"}],"wp:term":[{"taxonomy":"category","embeddable":true,"href":"https:\/\/www.labri.fr\/perso\/barla\/blog\/index.php?rest_route=%2Fwp%2Fv2%2Fcategories&post=39794"},{"taxonomy":"post_tag","embeddable":true,"href":"https:\/\/www.labri.fr\/perso\/barla\/blog\/index.php?rest_route=%2Fwp%2Fv2%2Ftags&post=39794"}],"curies":[{"name":"wp","href":"https:\/\/api.w.org\/{rel}","templated":true}]}}