{"id":9141,"date":"2011-03-20T23:46:02","date_gmt":"2011-03-20T23:46:02","guid":{"rendered":"http:\/\/www.labri.fr\/perso\/barla\/blog\/?p=9141"},"modified":"2019-08-14T09:38:52","modified_gmt":"2019-08-14T09:38:52","slug":"phobosophie","status":"publish","type":"post","link":"https:\/\/www.labri.fr\/perso\/barla\/blog\/?p=9141","title":{"rendered":"Phobosophie"},"content":{"rendered":"<p id=\"top\" \/><h3>Definition<\/h3>\n<p>C.f. def de Philosophie d&#8217;Ambrose Bierce.<\/p>\n<h3>Expressions<\/h3>\n<ul>\n<li>Une fois mort, on ne sait m\u00eame pas qu&#8217;on n&#8217;en a plus conscience.<\/li>\n<li>Le meilleur moyen pour se comprendre est de ne pas s&#8217;\u00e9couter.<\/li>\n<li>Rien ne se pert, tout ne se cr\u00e9e.<\/li>\n<li>Je pense que je pense donc je pense que je suis.<\/li>\n<li>L&#8217;oubli n&#8217;est-il pas-t-il que la mort ?<\/li>\n<li>Tout est bien qui finit.<\/li>\n<\/ul>\n<h3>Pl\u00e9onasme paradoxal<\/h3>\n<p>Un pl\u00e9onasme paradoxal est un paradoxe en soi, car un pl\u00e9onasme ne pourra jamais engendrer de paradoxe.<br \/>Mais dire d&#8217;un pl\u00e9onasme paradoxal qu&#8217;il est un paradoxe est un pl\u00e9onasme, puisqu&#8217;il parait \u00e9vident qu&#8217;un pl\u00e9onasme ne peut \u00eatre paradoxal.<br \/>Du coup on peut affirmer avec certitude qu&#8217;un pl\u00e9onasme paradoxal est un paradoxe pl\u00e9onasmique.<\/p>\n\n\n<p><\/p>\n","protected":false},"excerpt":{"rendered":"<p>Definition C.f. def de Philosophie d&#8217;Ambrose Bierce. Expressions Une fois mort, on ne sait m\u00eame pas qu&#8217;on n&#8217;en a plus conscience. Le meilleur moyen pour se comprendre est de ne pas s&#8217;\u00e9couter. Rien ne se pert, tout ne se cr\u00e9e. Je pense que je pense donc je pense que je suis. L&#8217;oubli n&#8217;est-il pas-t-il que &#8230; <a title=\"Phobosophie\" class=\"read-more\" href=\"https:\/\/www.labri.fr\/perso\/barla\/blog\/?p=9141\" aria-label=\"Read more about Phobosophie\">Read more<\/a><\/p>\n","protected":false},"author":1,"featured_media":0,"comment_status":"closed","ping_status":"closed","sticky":false,"template":"","format":"standard","meta":{"footnotes":""},"categories":[71],"tags":[],"class_list":["post-9141","post","type-post","status-publish","format-standard","hentry","category-lists"],"_links":{"self":[{"href":"https:\/\/www.labri.fr\/perso\/barla\/blog\/index.php?rest_route=\/wp\/v2\/posts\/9141","targetHints":{"allow":["GET"]}}],"collection":[{"href":"https:\/\/www.labri.fr\/perso\/barla\/blog\/index.php?rest_route=\/wp\/v2\/posts"}],"about":[{"href":"https:\/\/www.labri.fr\/perso\/barla\/blog\/index.php?rest_route=\/wp\/v2\/types\/post"}],"author":[{"embeddable":true,"href":"https:\/\/www.labri.fr\/perso\/barla\/blog\/index.php?rest_route=\/wp\/v2\/users\/1"}],"replies":[{"embeddable":true,"href":"https:\/\/www.labri.fr\/perso\/barla\/blog\/index.php?rest_route=%2Fwp%2Fv2%2Fcomments&post=9141"}],"version-history":[{"count":8,"href":"https:\/\/www.labri.fr\/perso\/barla\/blog\/index.php?rest_route=\/wp\/v2\/posts\/9141\/revisions"}],"predecessor-version":[{"id":40105,"href":"https:\/\/www.labri.fr\/perso\/barla\/blog\/index.php?rest_route=\/wp\/v2\/posts\/9141\/revisions\/40105"}],"wp:attachment":[{"href":"https:\/\/www.labri.fr\/perso\/barla\/blog\/index.php?rest_route=%2Fwp%2Fv2%2Fmedia&parent=9141"}],"wp:term":[{"taxonomy":"category","embeddable":true,"href":"https:\/\/www.labri.fr\/perso\/barla\/blog\/index.php?rest_route=%2Fwp%2Fv2%2Fcategories&post=9141"},{"taxonomy":"post_tag","embeddable":true,"href":"https:\/\/www.labri.fr\/perso\/barla\/blog\/index.php?rest_route=%2Fwp%2Fv2%2Ftags&post=9141"}],"curies":[{"name":"wp","href":"https:\/\/api.w.org\/{rel}","templated":true}]}}